{"id":2661,"date":"2016-05-12T20:25:25","date_gmt":"2016-05-12T19:25:25","guid":{"rendered":"https:\/\/bastubroderna.se\/?p=2661"},"modified":"2016-12-23T21:01:49","modified_gmt":"2016-12-23T20:01:49","slug":"syttende-mai-2016","status":"publish","type":"post","link":"https:\/\/bastubroderna.se\/?p=2661","title":{"rendered":"&#8221;Syttende mai&#8221; 2016"},"content":{"rendered":"<h2 style=\"text-align: left;\">&#8221;Syttende mai&#8221; 2016<\/h2>\n<p>Norge och Bastubr\u00f6der firar samma sak p\u00e5 samma dag: att vi har blivit av med det gamla. Norge blev av med den svenska kungen och Bastubr\u00f6derna blev av med den gamla bastun. 17 maj 1993 b\u00f6rjade Bastubr\u00f6derna att riva den gamla bastun och byggde den nuvarande bastun.<\/p>\n<p>B\u00e5de i Norge och i bastun firas 17 maj. Normalt firar bastubr\u00f6derna 17 maj med en traditionell str\u00f6mmingsfest \u2013 d\u00e4r ocks\u00e5 den badande offentligheten bjuds in. I \u00e5r blir det dock en \u00e4ndring. Den traditionella str\u00f6mmingsfesten utg\u00e5r. I \u00e5r ska Br\u00f6derna n\u00e4mligen\u00a0fira klubbens 25-\u00e5rsdag, och detta firande kommer vara en intern f\u00f6reteelse.\u00a0Bastuklubben bildades 11 oktober 1991. Firandet av 25-\u00e5rsjubileet kommer dock redan att ske 20 maj \u2013 i st\u00e4llet f\u00f6r str\u00f6mmingsfesten, som f\u00f6rhoppningsvis \u00e5teruppst\u00e5r n\u00e4sta \u00e5r.<\/p>\n<p>I st\u00e4llet f\u00f6r att fira med Br\u00f6derna kan du fira med Norge. Det finns mycket att l\u00e4sa hur man b\u00f6r g\u00f6ra:\u00a0<a href=\"http:\/\/www.nrk.no\/17mai\/\">NRK har en egen sida om &#8221;17 mai&#8221;<\/a>.\u00a0F\u00f6rra \u00e5ret har vi ocks\u00e5 l\u00e4nkat till n\u00e5gra norska 17 maj-l\u00e5tar. Titta g\u00e4rna p\u00e5 v\u00e5r gamla 17 maj-sidorna fr\u00e5n\u00a0<a href=\"https:\/\/bastubroderna.se\/?p=2130\">2015<\/a>\u00a0och\u00a0<a href=\"https:\/\/bastubroderna.se\/?p=1408\">2014<\/a>.<\/p>\n<figure id=\"attachment_2131\" aria-describedby=\"caption-attachment-2131\" style=\"width: 840px\" class=\"wp-caption alignnone\"><a href=\"https:\/\/bastubroderna.se\/wordpress\/wp-content\/uploads\/2015\/05\/8446751557_b6a9bf47be_o.jpg\"><img loading=\"lazy\" decoding=\"async\" class=\"size-large wp-image-2131\" src=\"https:\/\/bastubroderna.se\/wordpress\/wp-content\/uploads\/2015\/05\/8446751557_b6a9bf47be_o-1024x642.jpg\" alt=\"Norges jubil\u00e6um 1814-1914. Vykort fr\u00e5n jubileums\u00e5ret 1914 av Christian Magnus. Bildk\u00e4lla: Nasjonalbiblioteket, Bildesignatur: blds_05729 (CC0)\" width=\"840\" height=\"527\" srcset=\"https:\/\/bastubroderna.se\/wordpress\/wp-content\/uploads\/2015\/05\/8446751557_b6a9bf47be_o-1024x642.jpg 1024w, https:\/\/bastubroderna.se\/wordpress\/wp-content\/uploads\/2015\/05\/8446751557_b6a9bf47be_o-300x188.jpg 300w, https:\/\/bastubroderna.se\/wordpress\/wp-content\/uploads\/2015\/05\/8446751557_b6a9bf47be_o.jpg 2048w\" sizes=\"(max-width: 709px) 85vw, (max-width: 909px) 67vw, (max-width: 1362px) 62vw, 840px\" \/><\/a><figcaption id=\"caption-attachment-2131\" class=\"wp-caption-text\">Norges jubil\u00e6um 1814-1914. Vykort fr\u00e5n jubileums\u00e5ret 1914 av Christian Magnus. Bildk\u00e4lla: Nasjonalbiblioteket, Bildesignatur: blds_05729 (CC0)<\/figcaption><\/figure>\n","protected":false},"excerpt":{"rendered":"<p>&#8221;Syttende mai&#8221; 2016 Norge och Bastubr\u00f6der firar samma sak p\u00e5 samma dag: att vi har blivit av med det gamla. Norge blev av med den svenska kungen och Bastubr\u00f6derna blev av med den gamla bastun. 17 maj 1993 b\u00f6rjade Bastubr\u00f6derna att riva den gamla bastun och byggde den nuvarande bastun. B\u00e5de i Norge och i &hellip; <a href=\"https:\/\/bastubroderna.se\/?p=2661\" class=\"more-link\">Forts\u00e4tt l\u00e4sa<span class=\"screen-reader-text\"> \u201d&#8221;Syttende mai&#8221; 2016\u201d<\/span><\/a><\/p>\n","protected":false},"author":21,"featured_media":0,"comment_status":"open","ping_status":"closed","sticky":false,"template":"","format":"image","meta":{"footnotes":""},"categories":[5,90],"tags":[91,44,59],"_links":{"self":[{"href":"https:\/\/bastubroderna.se\/index.php?rest_route=\/wp\/v2\/posts\/2661"}],"collection":[{"href":"https:\/\/bastubroderna.se\/index.php?rest_route=\/wp\/v2\/posts"}],"about":[{"href":"https:\/\/bastubroderna.se\/index.php?rest_route=\/wp\/v2\/types\/post"}],"author":[{"embeddable":true,"href":"https:\/\/bastubroderna.se\/index.php?rest_route=\/wp\/v2\/users\/21"}],"replies":[{"embeddable":true,"href":"https:\/\/bastubroderna.se\/index.php?rest_route=%2Fwp%2Fv2%2Fcomments&post=2661"}],"version-history":[{"count":1,"href":"https:\/\/bastubroderna.se\/index.php?rest_route=\/wp\/v2\/posts\/2661\/revisions"}],"predecessor-version":[{"id":2662,"href":"https:\/\/bastubroderna.se\/index.php?rest_route=\/wp\/v2\/posts\/2661\/revisions\/2662"}],"wp:attachment":[{"href":"https:\/\/bastubroderna.se\/index.php?rest_route=%2Fwp%2Fv2%2Fmedia&parent=2661"}],"wp:term":[{"taxonomy":"category","embeddable":true,"href":"https:\/\/bastubroderna.se\/index.php?rest_route=%2Fwp%2Fv2%2Fcategories&post=2661"},{"taxonomy":"post_tag","embeddable":true,"href":"https:\/\/bastubroderna.se\/index.php?rest_route=%2Fwp%2Fv2%2Ftags&post=2661"}],"curies":[{"name":"wp","href":"https:\/\/api.w.org\/{rel}","templated":true}]}}