{"id":1821,"date":"2014-12-07T17:55:46","date_gmt":"2014-12-07T16:55:46","guid":{"rendered":"https:\/\/bastubroderna.se\/?p=1821"},"modified":"2014-12-07T18:29:35","modified_gmt":"2014-12-07T17:29:35","slug":"1821","status":"publish","type":"post","link":"https:\/\/bastubroderna.se\/?p=1821","title":{"rendered":"Veddagar 2015"},"content":{"rendered":"<div>Br\u00f6der!<\/div>\n<div>Dagens v\u00e4lbes\u00f6kta vedhuggning var den sista f\u00f6r 2014, jag har d\u00e4rf\u00f6r gjort ett nytt schema f\u00f6r 2015. Som framg\u00e5r av schemat s\u00e5 har jag senarelagt n\u00e5gra dagar p.g.a. att de hamnar i eller n\u00e4ra en helg, s\u00e5ledes blir 2015-\u00e5rs f\u00f6rsta veddag l\u00f6rdag efter trettonhelgen den 10 januari.<br \/>\nTack till er alla som\u00a0st\u00e4llt upp p\u00e5 vedbacken under 2014 och jag hoppas att den blir lika v\u00e4lbes\u00f6kt 2015.<\/div>\n<div><\/div>\n<div>Nr 24 Vedbevararen<\/div>\n<div><\/div>\n<div>\n<figure id=\"attachment_1822\" aria-describedby=\"caption-attachment-1822\" style=\"width: 1240px\" class=\"wp-caption alignnone\"><a href=\"https:\/\/bastubroderna.se\/wordpress\/wp-content\/uploads\/2014\/12\/Vedhuggning-2015.jpg\"><img loading=\"lazy\" decoding=\"async\" class=\"size-full wp-image-1822\" src=\"https:\/\/bastubroderna.se\/wordpress\/wp-content\/uploads\/2014\/12\/Vedhuggning-2015.jpg\" alt=\"Vedhuggining 2015\" width=\"1240\" height=\"1754\" srcset=\"https:\/\/bastubroderna.se\/wordpress\/wp-content\/uploads\/2014\/12\/Vedhuggning-2015.jpg 1240w, https:\/\/bastubroderna.se\/wordpress\/wp-content\/uploads\/2014\/12\/Vedhuggning-2015-212x300.jpg 212w, https:\/\/bastubroderna.se\/wordpress\/wp-content\/uploads\/2014\/12\/Vedhuggning-2015-723x1024.jpg 723w\" sizes=\"(max-width: 709px) 85vw, (max-width: 909px) 67vw, (max-width: 1362px) 62vw, 840px\" \/><\/a><figcaption id=\"caption-attachment-1822\" class=\"wp-caption-text\">Vedhuggning 2015<\/figcaption><\/figure>\n<\/div>\n<div><\/div>\n<div>Ladda ned schemat som PDF-fil:\u00a0<a href=\"https:\/\/bastubroderna.se\/wordpress\/wp-content\/uploads\/2014\/12\/Vedhuggning-2015.pdf\">Vedhuggning 2015 (PDF)<\/a><\/div>\n<div>NB: Tiderna finns ocks\u00e5 inlagda i kalendern h\u00e4r p\u00e5 hemsidan.<\/div>\n<div><\/div>\n","protected":false},"excerpt":{"rendered":"<p>Br\u00f6der! Dagens v\u00e4lbes\u00f6kta vedhuggning var den sista f\u00f6r 2014, jag har d\u00e4rf\u00f6r gjort ett nytt schema f\u00f6r 2015. Som framg\u00e5r av schemat s\u00e5 har jag senarelagt n\u00e5gra dagar p.g.a. att de hamnar i eller n\u00e4ra en helg, s\u00e5ledes blir 2015-\u00e5rs f\u00f6rsta veddag l\u00f6rdag efter trettonhelgen den 10 januari. Tack till er alla som\u00a0st\u00e4llt upp p\u00e5 &hellip; <a href=\"https:\/\/bastubroderna.se\/?p=1821\" class=\"more-link\">Forts\u00e4tt l\u00e4sa<span class=\"screen-reader-text\"> \u201dVeddagar 2015\u201d<\/span><\/a><\/p>\n","protected":false},"author":21,"featured_media":0,"comment_status":"open","ping_status":"closed","sticky":false,"template":"","format":"image","meta":{"footnotes":""},"categories":[4],"tags":[70],"_links":{"self":[{"href":"https:\/\/bastubroderna.se\/index.php?rest_route=\/wp\/v2\/posts\/1821"}],"collection":[{"href":"https:\/\/bastubroderna.se\/index.php?rest_route=\/wp\/v2\/posts"}],"about":[{"href":"https:\/\/bastubroderna.se\/index.php?rest_route=\/wp\/v2\/types\/post"}],"author":[{"embeddable":true,"href":"https:\/\/bastubroderna.se\/index.php?rest_route=\/wp\/v2\/users\/21"}],"replies":[{"embeddable":true,"href":"https:\/\/bastubroderna.se\/index.php?rest_route=%2Fwp%2Fv2%2Fcomments&post=1821"}],"version-history":[{"count":2,"href":"https:\/\/bastubroderna.se\/index.php?rest_route=\/wp\/v2\/posts\/1821\/revisions"}],"predecessor-version":[{"id":1847,"href":"https:\/\/bastubroderna.se\/index.php?rest_route=\/wp\/v2\/posts\/1821\/revisions\/1847"}],"wp:attachment":[{"href":"https:\/\/bastubroderna.se\/index.php?rest_route=%2Fwp%2Fv2%2Fmedia&parent=1821"}],"wp:term":[{"taxonomy":"category","embeddable":true,"href":"https:\/\/bastubroderna.se\/index.php?rest_route=%2Fwp%2Fv2%2Fcategories&post=1821"},{"taxonomy":"post_tag","embeddable":true,"href":"https:\/\/bastubroderna.se\/index.php?rest_route=%2Fwp%2Fv2%2Ftags&post=1821"}],"curies":[{"name":"wp","href":"https:\/\/api.w.org\/{rel}","templated":true}]}}