{"id":1814,"date":"2014-12-01T08:00:24","date_gmt":"2014-12-01T07:00:24","guid":{"rendered":"https:\/\/bastubroderna.se\/?p=1814"},"modified":"2014-11-30T10:52:23","modified_gmt":"2014-11-30T09:52:23","slug":"julbord-2014-information","status":"publish","type":"post","link":"https:\/\/bastubroderna.se\/?p=1814","title":{"rendered":"Julbord 2014 (information)"},"content":{"rendered":"<p>Hej<\/p>\n<p>\u00c5rsm\u00f6te och Julbord blir traditionsenligt p\u00e5 Domarudden den 17\/12 med start f\u00f6r \u00e5rsm\u00f6tet kl. 18,30 i &#8221; konferensen&#8221;.<br \/>\nEfter m\u00f6tet intager vi ett Julbord tillsammans f\u00f6r er som \u00f6nskar att deltaga.<br \/>\nNi som \u00f6nskar deltaga i Julbordet beh\u00f6ver jag f\u00e5 er anm\u00e4lan f\u00f6re den 10\/12.<\/p>\n<p>Vi har f\u00e5tt ett specialpris av Mette f\u00f6r julbordet vilket \u00e4r 395 kr mot ordinarie 435 kr.<br \/>\nBr\u00f6drakassan st\u00e5r f\u00f6r 100 kr s\u00e5 detta inneb\u00e4r att Julbordet kostar f\u00f6r Br\u00f6der 295 kr.<br \/>\nRespektive \u00e4r ocks\u00e5 sj\u00e4lvklart v\u00e4lkomna och priset blir d\u00e5 395 kr.<br \/>\nVi f\u00e5r ocks\u00e5 ett specialpris p\u00e5 &#8221; husets \u00f6l&#8221; Holba stark\u00f6l 50 cl till ett pris av 40 kr.<\/p>\n<p>S\u00e5 anm\u00e4lan f\u00f6re den 10\/12 och ni \u00e4r alla v\u00e4lkomna.<\/p>\n<p><a href=\"https:\/\/bastubroderna.se\/wordpress\/wp-content\/uploads\/2013\/12\/DSC_3206.jpg\"><img loading=\"lazy\" decoding=\"async\" class=\"alignnone wp-image-604 size-large\" src=\"https:\/\/bastubroderna.se\/wordpress\/wp-content\/uploads\/2013\/12\/DSC_3206-1024x678.jpg\" alt=\"DSC_3206\" width=\"1024\" height=\"678\" srcset=\"https:\/\/bastubroderna.se\/wordpress\/wp-content\/uploads\/2013\/12\/DSC_3206-1024x678.jpg 1024w, https:\/\/bastubroderna.se\/wordpress\/wp-content\/uploads\/2013\/12\/DSC_3206-300x198.jpg 300w\" sizes=\"(max-width: 709px) 85vw, (max-width: 909px) 67vw, (max-width: 1362px) 62vw, 840px\" \/><\/a><\/p>\n","protected":false},"excerpt":{"rendered":"<p>Hej \u00c5rsm\u00f6te och Julbord blir traditionsenligt p\u00e5 Domarudden den 17\/12 med start f\u00f6r \u00e5rsm\u00f6tet kl. 18,30 i &#8221; konferensen&#8221;. Efter m\u00f6tet intager vi ett Julbord tillsammans f\u00f6r er som \u00f6nskar att deltaga. Ni som \u00f6nskar deltaga i Julbordet beh\u00f6ver jag f\u00e5 er anm\u00e4lan f\u00f6re den 10\/12. Vi har f\u00e5tt ett specialpris av Mette f\u00f6r julbordet &hellip; <a href=\"https:\/\/bastubroderna.se\/?p=1814\" class=\"more-link\">Forts\u00e4tt l\u00e4sa<span class=\"screen-reader-text\"> \u201dJulbord 2014 (information)\u201d<\/span><\/a><\/p>\n","protected":false},"author":8,"featured_media":0,"comment_status":"open","ping_status":"closed","sticky":false,"template":"","format":"image","meta":{"footnotes":""},"categories":[5,32],"tags":[19,20],"_links":{"self":[{"href":"https:\/\/bastubroderna.se\/index.php?rest_route=\/wp\/v2\/posts\/1814"}],"collection":[{"href":"https:\/\/bastubroderna.se\/index.php?rest_route=\/wp\/v2\/posts"}],"about":[{"href":"https:\/\/bastubroderna.se\/index.php?rest_route=\/wp\/v2\/types\/post"}],"author":[{"embeddable":true,"href":"https:\/\/bastubroderna.se\/index.php?rest_route=\/wp\/v2\/users\/8"}],"replies":[{"embeddable":true,"href":"https:\/\/bastubroderna.se\/index.php?rest_route=%2Fwp%2Fv2%2Fcomments&post=1814"}],"version-history":[{"count":1,"href":"https:\/\/bastubroderna.se\/index.php?rest_route=\/wp\/v2\/posts\/1814\/revisions"}],"predecessor-version":[{"id":1815,"href":"https:\/\/bastubroderna.se\/index.php?rest_route=\/wp\/v2\/posts\/1814\/revisions\/1815"}],"wp:attachment":[{"href":"https:\/\/bastubroderna.se\/index.php?rest_route=%2Fwp%2Fv2%2Fmedia&parent=1814"}],"wp:term":[{"taxonomy":"category","embeddable":true,"href":"https:\/\/bastubroderna.se\/index.php?rest_route=%2Fwp%2Fv2%2Fcategories&post=1814"},{"taxonomy":"post_tag","embeddable":true,"href":"https:\/\/bastubroderna.se\/index.php?rest_route=%2Fwp%2Fv2%2Ftags&post=1814"}],"curies":[{"name":"wp","href":"https:\/\/api.w.org\/{rel}","templated":true}]}}