{"id":1596,"date":"2014-09-07T01:00:11","date_gmt":"2014-09-07T00:00:11","guid":{"rendered":"https:\/\/bastubroderna.se\/?p=1596"},"modified":"2014-09-06T15:45:07","modified_gmt":"2014-09-06T14:45:07","slug":"bastuns-murarmastare-fyller-75-ar","status":"publish","type":"post","link":"https:\/\/bastubroderna.se\/?p=1596","title":{"rendered":"Bastuns murarm\u00e4stare fyller 75 \u00e5r"},"content":{"rendered":"<h4>Broder 10, Hasse Wallberg, Murarhasse, fyller 75 \u00e5r 7 september 2014<\/h4>\n<h4><\/h4>\n<p>Grattis Broder Hasse!<\/p>\n<p>F\u00f6rra \u00e5ret kunde vi fira Domaruddens sj\u00f6bastuns 20-\u00e5rsjubileum. Utan ditt engagemang och din insats skulle bastun inte finnas i dag. Du var en av de arton\u00a0m\u00e4n som 11 september 1991 grundade De 24 \u00e4ldstes klubb vid Domaruddens bastu och \u00e4r fortfarande en av de mest aktiva Br\u00f6derna i klubben. Bastubyggnaden vilar p\u00e5 ditt fundament \u2013 som bilderna nedan visar \u2013 och du \u00e4r s\u00e5 att s\u00e4ga murarm\u00e4staren som aldrig har l\u00e4mnat sitt bygge. Du \u00e4r alltid med att s\u00e5ga ved till bastun och bes\u00f6karna v\u00e4lkomnas av blommorna utanf\u00f6r bastun som du sk\u00f6ter om. Med din dragspelsmusik har du underh\u00e5llit Br\u00f6der och g\u00e4ster vid v\u00e5ra h\u00f6gtider och festliga sammankomster.<\/p>\n<p>Vi \u00e4r utomordentlig stolta\u00a0att ha dig ibland oss och uppskattar\u00a0allt du har gjort f\u00f6r bastun och v\u00e5rt\u00a0kamratskap.<\/p>\n<p>Med v\u00e5r lilla bildkavalkad\u00a0vill vi gratulera och uppvakta dig p\u00e5 din 75-\u00e5rsdag. Med klubbens present och uppvaktning f\u00e5r vi \u00e5terkomma vid ett senare tillf\u00e4lle.<\/p>\n<p>&nbsp;<\/p>\n<p>En en g\u00e5ng grattis p\u00e5 f\u00f6delsedagen och p\u00e5 \u00e5terseende i bastun!<br \/>\nBr\u00f6derna fr\u00e5n De 24 \u00e4ldstes klubb vid Domaruddens bastu<\/p>\n<p>&nbsp;<\/p>\n<p>&nbsp;<\/p>\n<figure id=\"attachment_767\" aria-describedby=\"caption-attachment-767\" style=\"width: 1024px\" class=\"wp-caption aligncenter\"><a href=\"https:\/\/bastubroderna.se\/wordpress\/wp-content\/uploads\/2014\/01\/Bastu_1993-06-01_Bild_41_Broder_10.jpg\"><img loading=\"lazy\" decoding=\"async\" class=\"size-large wp-image-767\" src=\"https:\/\/bastubroderna.se\/wordpress\/wp-content\/uploads\/2014\/01\/Bastu_1993-06-01_Bild_41_Broder_10-1024x746.jpg\" alt=\"1993-06-01. Broder 10, en av av grundarna av f\u00f6reningen som fortfarande \u00e4r aktiv, h\u00e4r vid murararbete\" width=\"1024\" height=\"746\" srcset=\"https:\/\/bastubroderna.se\/wordpress\/wp-content\/uploads\/2014\/01\/Bastu_1993-06-01_Bild_41_Broder_10-1024x746.jpg 1024w, https:\/\/bastubroderna.se\/wordpress\/wp-content\/uploads\/2014\/01\/Bastu_1993-06-01_Bild_41_Broder_10-300x218.jpg 300w\" sizes=\"(max-width: 709px) 85vw, (max-width: 909px) 67vw, (max-width: 1362px) 62vw, 840px\" \/><\/a><figcaption id=\"caption-attachment-767\" class=\"wp-caption-text\">1993-06-01. Broder 10 l\u00e4gger grunden till den nya bastun<\/figcaption><\/figure>\n<figure id=\"attachment_1399\" aria-describedby=\"caption-attachment-1399\" style=\"width: 512px\" class=\"wp-caption aligncenter\"><a href=\"https:\/\/bastubroderna.se\/wordpress\/wp-content\/uploads\/2014\/05\/P5250278_mini.jpg\"><img loading=\"lazy\" decoding=\"async\" class=\"size-full wp-image-1399\" src=\"https:\/\/bastubroderna.se\/wordpress\/wp-content\/uploads\/2014\/05\/P5250278_mini.jpg\" alt=\"Str\u00f6mmings- och sponsorfest 2007, Rospiggarna (Broder 10)\" width=\"512\" height=\"384\" srcset=\"https:\/\/bastubroderna.se\/wordpress\/wp-content\/uploads\/2014\/05\/P5250278_mini.jpg 512w, https:\/\/bastubroderna.se\/wordpress\/wp-content\/uploads\/2014\/05\/P5250278_mini-300x225.jpg 300w\" sizes=\"(max-width: 512px) 85vw, 512px\" \/><\/a><figcaption id=\"caption-attachment-1399\" class=\"wp-caption-text\">Str\u00f6mmings- och sponsorfest 2007, Rospiggarna (Broder 10)<\/figcaption><\/figure>\n<figure id=\"attachment_1398\" aria-describedby=\"caption-attachment-1398\" style=\"width: 512px\" class=\"wp-caption aligncenter\"><a href=\"https:\/\/bastubroderna.se\/wordpress\/wp-content\/uploads\/2014\/05\/P5250277_mini.jpg\"><img loading=\"lazy\" decoding=\"async\" class=\"size-full wp-image-1398\" src=\"https:\/\/bastubroderna.se\/wordpress\/wp-content\/uploads\/2014\/05\/P5250277_mini.jpg\" alt=\"Str\u00f6mmings- och sponsorfest 2007, Rospiggarna och Broder 17\" width=\"512\" height=\"384\" srcset=\"https:\/\/bastubroderna.se\/wordpress\/wp-content\/uploads\/2014\/05\/P5250277_mini.jpg 512w, https:\/\/bastubroderna.se\/wordpress\/wp-content\/uploads\/2014\/05\/P5250277_mini-300x225.jpg 300w\" sizes=\"(max-width: 512px) 85vw, 512px\" \/><\/a><figcaption id=\"caption-attachment-1398\" class=\"wp-caption-text\">Str\u00f6mmings- och sponsorfest 2007, Rospiggarna Broder 10 och Olle och Broder Harry<\/figcaption><\/figure>\n<figure id=\"attachment_1396\" aria-describedby=\"caption-attachment-1396\" style=\"width: 512px\" class=\"wp-caption aligncenter\"><a href=\"https:\/\/bastubroderna.se\/wordpress\/wp-content\/uploads\/2014\/05\/P5250273_mini.jpg\"><img loading=\"lazy\" decoding=\"async\" class=\"size-full wp-image-1396\" src=\"https:\/\/bastubroderna.se\/wordpress\/wp-content\/uploads\/2014\/05\/P5250273_mini.jpg\" alt=\"Str\u00f6mmings- och sponsorfest 2007, Rospiggarna\" width=\"512\" height=\"384\" srcset=\"https:\/\/bastubroderna.se\/wordpress\/wp-content\/uploads\/2014\/05\/P5250273_mini.jpg 512w, https:\/\/bastubroderna.se\/wordpress\/wp-content\/uploads\/2014\/05\/P5250273_mini-300x225.jpg 300w\" sizes=\"(max-width: 512px) 85vw, 512px\" \/><\/a><figcaption id=\"caption-attachment-1396\" class=\"wp-caption-text\">Str\u00f6mmings- och sponsorfest 2007, Rospiggarna Broder 10 och Olle<\/figcaption><\/figure>\n<figure id=\"attachment_859\" aria-describedby=\"caption-attachment-859\" style=\"width: 426px\" class=\"wp-caption aligncenter\"><a href=\"https:\/\/bastubroderna.se\/wordpress\/wp-content\/uploads\/2014\/02\/Rakkryssning_2009_image004.jpg\"><img loading=\"lazy\" decoding=\"async\" class=\"size-full wp-image-859\" src=\"https:\/\/bastubroderna.se\/wordpress\/wp-content\/uploads\/2014\/02\/Rakkryssning_2009_image004.jpg\" alt=\"R\u00e4kkryssning 2009-06-17\" width=\"426\" height=\"319\" srcset=\"https:\/\/bastubroderna.se\/wordpress\/wp-content\/uploads\/2014\/02\/Rakkryssning_2009_image004.jpg 426w, https:\/\/bastubroderna.se\/wordpress\/wp-content\/uploads\/2014\/02\/Rakkryssning_2009_image004-300x224.jpg 300w\" sizes=\"(max-width: 426px) 85vw, 426px\" \/><\/a><figcaption id=\"caption-attachment-859\" class=\"wp-caption-text\">R\u00e4kkryssning 2009-06-17<\/figcaption><\/figure>\n<figure id=\"attachment_1603\" aria-describedby=\"caption-attachment-1603\" style=\"width: 1024px\" class=\"wp-caption aligncenter\"><a href=\"https:\/\/bastubroderna.se\/wordpress\/wp-content\/uploads\/2014\/09\/DSC_0154.jpg\"><img loading=\"lazy\" decoding=\"async\" class=\"size-large wp-image-1603\" src=\"https:\/\/bastubroderna.se\/wordpress\/wp-content\/uploads\/2014\/09\/DSC_0154-1024x678.jpg\" alt=\"Kyla \u00e4r inget hinder: januariveddag 2013\" width=\"1024\" height=\"678\" srcset=\"https:\/\/bastubroderna.se\/wordpress\/wp-content\/uploads\/2014\/09\/DSC_0154-1024x678.jpg 1024w, https:\/\/bastubroderna.se\/wordpress\/wp-content\/uploads\/2014\/09\/DSC_0154-300x198.jpg 300w\" sizes=\"(max-width: 709px) 85vw, (max-width: 909px) 67vw, (max-width: 1362px) 62vw, 840px\" \/><\/a><figcaption id=\"caption-attachment-1603\" class=\"wp-caption-text\">Kyla och is \u00e4r inget hinder: januariveddag 2013<\/figcaption><\/figure>\n<figure id=\"attachment_1604\" aria-describedby=\"caption-attachment-1604\" style=\"width: 1024px\" class=\"wp-caption aligncenter\"><a href=\"https:\/\/bastubroderna.se\/wordpress\/wp-content\/uploads\/2014\/09\/DSC_2460.jpg\"><img loading=\"lazy\" decoding=\"async\" class=\"size-large wp-image-1604\" src=\"https:\/\/bastubroderna.se\/wordpress\/wp-content\/uploads\/2014\/09\/DSC_2460-1024x678.jpg\" alt=\"Spelning vid str\u00f6mmingsfesten 2013\" width=\"1024\" height=\"678\" srcset=\"https:\/\/bastubroderna.se\/wordpress\/wp-content\/uploads\/2014\/09\/DSC_2460-1024x678.jpg 1024w, https:\/\/bastubroderna.se\/wordpress\/wp-content\/uploads\/2014\/09\/DSC_2460-300x198.jpg 300w\" sizes=\"(max-width: 709px) 85vw, (max-width: 909px) 67vw, (max-width: 1362px) 62vw, 840px\" \/><\/a><figcaption id=\"caption-attachment-1604\" class=\"wp-caption-text\">Spelning vid str\u00f6mmingsfesten 2013<\/figcaption><\/figure>\n<figure id=\"attachment_1601\" aria-describedby=\"caption-attachment-1601\" style=\"width: 1024px\" class=\"wp-caption aligncenter\"><a href=\"https:\/\/bastubroderna.se\/wordpress\/wp-content\/uploads\/2014\/09\/DSC_2465.jpg\"><img loading=\"lazy\" decoding=\"async\" class=\"size-large wp-image-1601\" src=\"https:\/\/bastubroderna.se\/wordpress\/wp-content\/uploads\/2014\/09\/DSC_2465-1024x678.jpg\" alt=\"Str\u00f6mmingsfest 2013, h\u00e4r tillsammans med Kalle (th) som har l\u00e4mnat oss denna sommar\" width=\"1024\" height=\"678\" srcset=\"https:\/\/bastubroderna.se\/wordpress\/wp-content\/uploads\/2014\/09\/DSC_2465-1024x678.jpg 1024w, https:\/\/bastubroderna.se\/wordpress\/wp-content\/uploads\/2014\/09\/DSC_2465-300x198.jpg 300w\" sizes=\"(max-width: 709px) 85vw, (max-width: 909px) 67vw, (max-width: 1362px) 62vw, 840px\" \/><\/a><figcaption id=\"caption-attachment-1601\" class=\"wp-caption-text\">Str\u00f6mmingsfest 2013, h\u00e4r tillsammans med Olle och Kalle (th) som tyv\u00e4rr har l\u00e4mnat oss denna sommar<\/figcaption><\/figure>\n<figure id=\"attachment_450\" aria-describedby=\"caption-attachment-450\" style=\"width: 1024px\" class=\"wp-caption aligncenter\"><a href=\"https:\/\/bastubroderna.se\/wordpress\/wp-content\/uploads\/2013\/05\/DSC_2444.jpg\"><img loading=\"lazy\" decoding=\"async\" class=\"size-large wp-image-450\" src=\"https:\/\/bastubroderna.se\/wordpress\/wp-content\/uploads\/2013\/05\/DSC_2444-1024x678.jpg\" alt=\"Rospiggarna \u2013 och Buba Buba vid Str\u00f6mmingsfesten 2013\" width=\"1024\" height=\"678\" srcset=\"https:\/\/bastubroderna.se\/wordpress\/wp-content\/uploads\/2013\/05\/DSC_2444-1024x678.jpg 1024w, https:\/\/bastubroderna.se\/wordpress\/wp-content\/uploads\/2013\/05\/DSC_2444-300x198.jpg 300w\" sizes=\"(max-width: 709px) 85vw, (max-width: 909px) 67vw, (max-width: 1362px) 62vw, 840px\" \/><\/a><figcaption id=\"caption-attachment-450\" class=\"wp-caption-text\">Rospiggarna \u2013 och Buba Buba vid Str\u00f6mmingsfesten 2013<\/figcaption><\/figure>\n<figure id=\"attachment_1602\" aria-describedby=\"caption-attachment-1602\" style=\"width: 1024px\" class=\"wp-caption aligncenter\"><a href=\"https:\/\/bastubroderna.se\/wordpress\/wp-content\/uploads\/2014\/09\/DSC_2762.jpg\"><img loading=\"lazy\" decoding=\"async\" class=\"size-large wp-image-1602\" src=\"https:\/\/bastubroderna.se\/wordpress\/wp-content\/uploads\/2014\/09\/DSC_2762-1024x678.jpg\" alt=\"Surstr\u00f6mmingskv\u00e4ll 2013\" width=\"1024\" height=\"678\" srcset=\"https:\/\/bastubroderna.se\/wordpress\/wp-content\/uploads\/2014\/09\/DSC_2762-1024x678.jpg 1024w, https:\/\/bastubroderna.se\/wordpress\/wp-content\/uploads\/2014\/09\/DSC_2762-300x198.jpg 300w\" sizes=\"(max-width: 709px) 85vw, (max-width: 909px) 67vw, (max-width: 1362px) 62vw, 840px\" \/><\/a><figcaption id=\"caption-attachment-1602\" class=\"wp-caption-text\">Surstr\u00f6mmingskv\u00e4ll h\u00f6sten 2013<\/figcaption><\/figure>\n<figure id=\"attachment_611\" aria-describedby=\"caption-attachment-611\" style=\"width: 1024px\" class=\"wp-caption aligncenter\"><a href=\"https:\/\/bastubroderna.se\/wordpress\/wp-content\/uploads\/2013\/12\/DSC_3200.jpg\"><img loading=\"lazy\" decoding=\"async\" class=\"size-large wp-image-611\" src=\"https:\/\/bastubroderna.se\/wordpress\/wp-content\/uploads\/2013\/12\/DSC_3200-1024x678.jpg\" alt=\"Broder 10, v\u00e5r egen Jultomte vid Julbordet\" width=\"1024\" height=\"678\" srcset=\"https:\/\/bastubroderna.se\/wordpress\/wp-content\/uploads\/2013\/12\/DSC_3200-1024x678.jpg 1024w, https:\/\/bastubroderna.se\/wordpress\/wp-content\/uploads\/2013\/12\/DSC_3200-300x198.jpg 300w\" sizes=\"(max-width: 709px) 85vw, (max-width: 909px) 67vw, (max-width: 1362px) 62vw, 840px\" \/><\/a><figcaption id=\"caption-attachment-611\" class=\"wp-caption-text\">Broder 10, v\u00e5r egen Jultomte vid Julbordet 2013<\/figcaption><\/figure>\n<figure id=\"attachment_603\" aria-describedby=\"caption-attachment-603\" style=\"width: 1024px\" class=\"wp-caption aligncenter\"><a href=\"https:\/\/bastubroderna.se\/wordpress\/wp-content\/uploads\/2013\/12\/DSC_3202.jpg\"><img loading=\"lazy\" decoding=\"async\" class=\"wp-image-603 size-large\" src=\"https:\/\/bastubroderna.se\/wordpress\/wp-content\/uploads\/2013\/12\/DSC_3202-1024x678.jpg\" alt=\"Spelning vid Br\u00f6dernas Julbord 2013\" width=\"1024\" height=\"678\" srcset=\"https:\/\/bastubroderna.se\/wordpress\/wp-content\/uploads\/2013\/12\/DSC_3202-1024x678.jpg 1024w, https:\/\/bastubroderna.se\/wordpress\/wp-content\/uploads\/2013\/12\/DSC_3202-300x198.jpg 300w\" sizes=\"(max-width: 709px) 85vw, (max-width: 909px) 67vw, (max-width: 1362px) 62vw, 840px\" \/><\/a><figcaption id=\"caption-attachment-603\" class=\"wp-caption-text\">Spelning vid Br\u00f6dernas Julbord 2013<\/figcaption><\/figure>\n<figure id=\"attachment_1316\" aria-describedby=\"caption-attachment-1316\" style=\"width: 1024px\" class=\"wp-caption aligncenter\"><a href=\"https:\/\/bastubroderna.se\/wordpress\/wp-content\/uploads\/2014\/04\/DSC_3563.jpg\"><img loading=\"lazy\" decoding=\"async\" class=\"size-large wp-image-1316\" src=\"https:\/\/bastubroderna.se\/wordpress\/wp-content\/uploads\/2014\/04\/DSC_3563-1024x678.jpg\" alt=\"Veddag 2014-04-17, Broder 10 med motors\u00e5gen som donerades till Broder Kjells minne\" width=\"1024\" height=\"678\" srcset=\"https:\/\/bastubroderna.se\/wordpress\/wp-content\/uploads\/2014\/04\/DSC_3563-1024x678.jpg 1024w, https:\/\/bastubroderna.se\/wordpress\/wp-content\/uploads\/2014\/04\/DSC_3563-300x198.jpg 300w\" sizes=\"(max-width: 709px) 85vw, (max-width: 909px) 67vw, (max-width: 1362px) 62vw, 840px\" \/><\/a><figcaption id=\"caption-attachment-1316\" class=\"wp-caption-text\">Veddag 2014-04-17, Broder 10 med motors\u00e5gen som donerades till Broder Kjells minne<\/figcaption><\/figure>\n<figure id=\"attachment_1320\" aria-describedby=\"caption-attachment-1320\" style=\"width: 1024px\" class=\"wp-caption aligncenter\"><a href=\"https:\/\/bastubroderna.se\/wordpress\/wp-content\/uploads\/2014\/04\/DSC_3567.jpg\"><img loading=\"lazy\" decoding=\"async\" class=\"size-large wp-image-1320\" src=\"https:\/\/bastubroderna.se\/wordpress\/wp-content\/uploads\/2014\/04\/DSC_3567-1024x678.jpg\" alt=\"Veddag 2014-04-17, Kafferast, Broder 10 och Broder 11\" width=\"1024\" height=\"678\" srcset=\"https:\/\/bastubroderna.se\/wordpress\/wp-content\/uploads\/2014\/04\/DSC_3567-1024x678.jpg 1024w, https:\/\/bastubroderna.se\/wordpress\/wp-content\/uploads\/2014\/04\/DSC_3567-300x198.jpg 300w\" sizes=\"(max-width: 709px) 85vw, (max-width: 909px) 67vw, (max-width: 1362px) 62vw, 840px\" \/><\/a><figcaption id=\"caption-attachment-1320\" class=\"wp-caption-text\">Veddag 2014-04-17, Kafferast, Broder 10 och Broder 11<\/figcaption><\/figure>\n<figure id=\"attachment_1605\" aria-describedby=\"caption-attachment-1605\" style=\"width: 1024px\" class=\"wp-caption aligncenter\"><a href=\"https:\/\/bastubroderna.se\/wordpress\/wp-content\/uploads\/2014\/09\/DSC06495.jpg\"><img loading=\"lazy\" decoding=\"async\" class=\"size-large wp-image-1605\" src=\"https:\/\/bastubroderna.se\/wordpress\/wp-content\/uploads\/2014\/09\/DSC06495-1024x768.jpg\" alt=\"Kl. 10.30 brukar det vara kafferast vid Br\u00f6dernas veddag. D\u00e5 \u00e4r det dags att ber\u00e4tta roliga historier.\" width=\"1024\" height=\"768\" srcset=\"https:\/\/bastubroderna.se\/wordpress\/wp-content\/uploads\/2014\/09\/DSC06495-1024x768.jpg 1024w, https:\/\/bastubroderna.se\/wordpress\/wp-content\/uploads\/2014\/09\/DSC06495-300x225.jpg 300w\" sizes=\"(max-width: 709px) 85vw, (max-width: 909px) 67vw, (max-width: 1362px) 62vw, 840px\" \/><\/a><figcaption id=\"caption-attachment-1605\" class=\"wp-caption-text\">Kl. 10.30 brukar det vara kafferast vid Br\u00f6dernas veddag. D\u00e5 \u00e4r det dags att ber\u00e4tta roliga historier.<\/figcaption><\/figure>\n<figure id=\"attachment_1526\" aria-describedby=\"caption-attachment-1526\" style=\"width: 1024px\" class=\"wp-caption aligncenter\"><a href=\"https:\/\/bastubroderna.se\/wordpress\/wp-content\/uploads\/2014\/07\/DSC_3698.jpg\"><img loading=\"lazy\" decoding=\"async\" class=\"size-large wp-image-1526\" src=\"https:\/\/bastubroderna.se\/wordpress\/wp-content\/uploads\/2014\/07\/DSC_3698-1024x678.jpg\" alt=\"Underh\u00e5llsarbete vid klubbens maskinpark: Broder 10 slipar klingan\" width=\"1024\" height=\"678\" srcset=\"https:\/\/bastubroderna.se\/wordpress\/wp-content\/uploads\/2014\/07\/DSC_3698-1024x678.jpg 1024w, https:\/\/bastubroderna.se\/wordpress\/wp-content\/uploads\/2014\/07\/DSC_3698-300x198.jpg 300w\" sizes=\"(max-width: 709px) 85vw, (max-width: 909px) 67vw, (max-width: 1362px) 62vw, 840px\" \/><\/a><figcaption id=\"caption-attachment-1526\" class=\"wp-caption-text\">Underh\u00e5llsarbete vid klubbens maskinpark: Broder 10 slipar klingan. V\u00e5ren 2014<\/figcaption><\/figure>\n<figure id=\"attachment_1607\" aria-describedby=\"caption-attachment-1607\" style=\"width: 1024px\" class=\"wp-caption aligncenter\"><a href=\"https:\/\/bastubroderna.se\/wordpress\/wp-content\/uploads\/2014\/09\/DSC06689.jpg\"><img loading=\"lazy\" decoding=\"async\" class=\"size-large wp-image-1607\" src=\"https:\/\/bastubroderna.se\/wordpress\/wp-content\/uploads\/2014\/09\/DSC06689-1024x768.jpg\" alt=\"Blommor...  Det \u00e4r s\u00e5 vackert. Broder 10:s lilla blomstertr\u00e4dg\u00e5rd utanf\u00f6r bastun, augusti 2014\" width=\"1024\" height=\"768\" srcset=\"https:\/\/bastubroderna.se\/wordpress\/wp-content\/uploads\/2014\/09\/DSC06689-1024x768.jpg 1024w, https:\/\/bastubroderna.se\/wordpress\/wp-content\/uploads\/2014\/09\/DSC06689-300x225.jpg 300w\" sizes=\"(max-width: 709px) 85vw, (max-width: 909px) 67vw, (max-width: 1362px) 62vw, 840px\" \/><\/a><figcaption id=\"caption-attachment-1607\" class=\"wp-caption-text\">Vackra blommor bjuder v\u00e4lkommen till bastun. Broder 10:s v\u00e4lkomstg\u00e5va till bastubes\u00f6karna. Augusti 2014<\/figcaption><\/figure>\n<p>&nbsp;<\/p>\n<p>&nbsp;<\/p>\n","protected":false},"excerpt":{"rendered":"<p>Broder 10, Hasse Wallberg, Murarhasse, fyller 75 \u00e5r 7 september 2014 Grattis Broder Hasse! F\u00f6rra \u00e5ret kunde vi fira Domaruddens sj\u00f6bastuns 20-\u00e5rsjubileum. Utan ditt engagemang och din insats skulle bastun inte finnas i dag. Du var en av de arton\u00a0m\u00e4n som 11 september 1991 grundade De 24 \u00e4ldstes klubb vid Domaruddens bastu och \u00e4r fortfarande &hellip; <a href=\"https:\/\/bastubroderna.se\/?p=1596\" class=\"more-link\">Forts\u00e4tt l\u00e4sa<span class=\"screen-reader-text\"> \u201dBastuns murarm\u00e4stare fyller 75 \u00e5r\u201d<\/span><\/a><\/p>\n","protected":false},"author":21,"featured_media":0,"comment_status":"open","ping_status":"closed","sticky":false,"template":"","format":"standard","meta":{"footnotes":""},"categories":[36],"tags":[37,73],"_links":{"self":[{"href":"https:\/\/bastubroderna.se\/index.php?rest_route=\/wp\/v2\/posts\/1596"}],"collection":[{"href":"https:\/\/bastubroderna.se\/index.php?rest_route=\/wp\/v2\/posts"}],"about":[{"href":"https:\/\/bastubroderna.se\/index.php?rest_route=\/wp\/v2\/types\/post"}],"author":[{"embeddable":true,"href":"https:\/\/bastubroderna.se\/index.php?rest_route=\/wp\/v2\/users\/21"}],"replies":[{"embeddable":true,"href":"https:\/\/bastubroderna.se\/index.php?rest_route=%2Fwp%2Fv2%2Fcomments&post=1596"}],"version-history":[{"count":7,"href":"https:\/\/bastubroderna.se\/index.php?rest_route=\/wp\/v2\/posts\/1596\/revisions"}],"predecessor-version":[{"id":1617,"href":"https:\/\/bastubroderna.se\/index.php?rest_route=\/wp\/v2\/posts\/1596\/revisions\/1617"}],"wp:attachment":[{"href":"https:\/\/bastubroderna.se\/index.php?rest_route=%2Fwp%2Fv2%2Fmedia&parent=1596"}],"wp:term":[{"taxonomy":"category","embeddable":true,"href":"https:\/\/bastubroderna.se\/index.php?rest_route=%2Fwp%2Fv2%2Fcategories&post=1596"},{"taxonomy":"post_tag","embeddable":true,"href":"https:\/\/bastubroderna.se\/index.php?rest_route=%2Fwp%2Fv2%2Ftags&post=1596"}],"curies":[{"name":"wp","href":"https:\/\/api.w.org\/{rel}","templated":true}]}}