{"id":1583,"date":"2014-08-28T13:42:52","date_gmt":"2014-08-28T12:42:52","guid":{"rendered":"https:\/\/bastubroderna.se\/?p=1583"},"modified":"2014-08-28T13:42:52","modified_gmt":"2014-08-28T12:42:52","slug":"karl-emil-runnman-1924-2014","status":"publish","type":"post","link":"https:\/\/bastubroderna.se\/?p=1583","title":{"rendered":"Karl Emil Runnman 1924\u20132014"},"content":{"rendered":"<p>Kalle, Karl Emil Runnman, har l\u00e4mnat oss den 9 augusti 2014. Han blev n\u00e4stan 90 \u00e5r. Kalle f\u00f6ddes 6 december 1924, allts\u00e5 p\u00e5 Finlands nationaldag. Kanske var det d\u00e4rf\u00f6r att han kom att tycka om finsk bastubad. Kalle kommer att bli saknad av Br\u00f6derna och de \u00f6vriga bes\u00f6kare vid Domaruddens sj\u00f6bastu.<\/p>\n<figure id=\"attachment_1582\" aria-describedby=\"caption-attachment-1582\" style=\"width: 678px\" class=\"wp-caption aligncenter\"><a href=\"https:\/\/bastubroderna.se\/wordpress\/wp-content\/uploads\/2014\/08\/Karl_E_Runnman_Fotodatum_20140522.jpg\"><img loading=\"lazy\" decoding=\"async\" class=\"size-large wp-image-1582\" src=\"https:\/\/bastubroderna.se\/wordpress\/wp-content\/uploads\/2014\/08\/Karl_E_Runnman_Fotodatum_20140522-678x1024.jpg\" alt=\"Karl Emil Runnman (Kalle), 1924\u20132014\" width=\"678\" height=\"1024\" srcset=\"https:\/\/bastubroderna.se\/wordpress\/wp-content\/uploads\/2014\/08\/Karl_E_Runnman_Fotodatum_20140522-678x1024.jpg 678w, https:\/\/bastubroderna.se\/wordpress\/wp-content\/uploads\/2014\/08\/Karl_E_Runnman_Fotodatum_20140522-198x300.jpg 198w, https:\/\/bastubroderna.se\/wordpress\/wp-content\/uploads\/2014\/08\/Karl_E_Runnman_Fotodatum_20140522.jpg 1632w\" sizes=\"(max-width: 709px) 85vw, (max-width: 909px) 67vw, (max-width: 984px) 61vw, (max-width: 1362px) 45vw, 600px\" \/><\/a><figcaption id=\"caption-attachment-1582\" class=\"wp-caption-text\">Karl Emil Runnman (Kalle), 1924\u20132014<\/figcaption><\/figure>\n<p>P\u00e5 bilden f\u00e5r vi \u00e5terse Kalle vid Br\u00f6dernas str\u00f6mmingsfest 22 maj i \u00e5r, mindre \u00e4n tre m\u00e5nader innan Kalle skulle l\u00e4mna oss.<\/p>\n<p>Kalles begravning \u00e4ger rum 29 augusti 2014 vid \u00d6ster\u00e5kers kyrka, d\u00e4r ocks\u00e5 ett flertal Br\u00f6der kommer att vara n\u00e4rvarande f\u00f6r att ta avsked med honom.<\/p>\n","protected":false},"excerpt":{"rendered":"<p>Kalle, Karl Emil Runnman, har l\u00e4mnat oss den 9 augusti 2014. Han blev n\u00e4stan 90 \u00e5r. Kalle f\u00f6ddes 6 december 1924, allts\u00e5 p\u00e5 Finlands nationaldag. Kanske var det d\u00e4rf\u00f6r att han kom att tycka om finsk bastubad. Kalle kommer att bli saknad av Br\u00f6derna och de \u00f6vriga bes\u00f6kare vid Domaruddens sj\u00f6bastu. P\u00e5 bilden f\u00e5r vi &hellip; <a href=\"https:\/\/bastubroderna.se\/?p=1583\" class=\"more-link\">Forts\u00e4tt l\u00e4sa<span class=\"screen-reader-text\"> \u201dKarl Emil Runnman 1924\u20132014\u201d<\/span><\/a><\/p>\n","protected":false},"author":21,"featured_media":0,"comment_status":"open","ping_status":"closed","sticky":false,"template":"","format":"image","meta":{"footnotes":""},"categories":[36],"tags":[73],"_links":{"self":[{"href":"https:\/\/bastubroderna.se\/index.php?rest_route=\/wp\/v2\/posts\/1583"}],"collection":[{"href":"https:\/\/bastubroderna.se\/index.php?rest_route=\/wp\/v2\/posts"}],"about":[{"href":"https:\/\/bastubroderna.se\/index.php?rest_route=\/wp\/v2\/types\/post"}],"author":[{"embeddable":true,"href":"https:\/\/bastubroderna.se\/index.php?rest_route=\/wp\/v2\/users\/21"}],"replies":[{"embeddable":true,"href":"https:\/\/bastubroderna.se\/index.php?rest_route=%2Fwp%2Fv2%2Fcomments&post=1583"}],"version-history":[{"count":1,"href":"https:\/\/bastubroderna.se\/index.php?rest_route=\/wp\/v2\/posts\/1583\/revisions"}],"predecessor-version":[{"id":1584,"href":"https:\/\/bastubroderna.se\/index.php?rest_route=\/wp\/v2\/posts\/1583\/revisions\/1584"}],"wp:attachment":[{"href":"https:\/\/bastubroderna.se\/index.php?rest_route=%2Fwp%2Fv2%2Fmedia&parent=1583"}],"wp:term":[{"taxonomy":"category","embeddable":true,"href":"https:\/\/bastubroderna.se\/index.php?rest_route=%2Fwp%2Fv2%2Fcategories&post=1583"},{"taxonomy":"post_tag","embeddable":true,"href":"https:\/\/bastubroderna.se\/index.php?rest_route=%2Fwp%2Fv2%2Ftags&post=1583"}],"curies":[{"name":"wp","href":"https:\/\/api.w.org\/{rel}","templated":true}]}}