{"id":1028,"date":"2014-02-25T13:34:16","date_gmt":"2014-02-25T12:34:16","guid":{"rendered":"https:\/\/bastubroderna.se\/?p=1028"},"modified":"2014-02-25T13:35:34","modified_gmt":"2014-02-25T12:35:34","slug":"grattis-broder-karl-evert","status":"publish","type":"post","link":"https:\/\/bastubroderna.se\/?p=1028","title":{"rendered":"Grattis Broder Karl-Evert!"},"content":{"rendered":"<figure id=\"attachment_605\" aria-describedby=\"caption-attachment-605\" style=\"width: 300px\" class=\"wp-caption alignnone\"><a href=\"https:\/\/bastubroderna.se\/wordpress\/wp-content\/uploads\/2013\/12\/DSC_3190.jpg\"><img loading=\"lazy\" decoding=\"async\" class=\"size-medium wp-image-605\" alt=\"Broder Karl-Evert, hedersmedlem\" src=\"https:\/\/bastubroderna.se\/wordpress\/wp-content\/uploads\/2013\/12\/DSC_3190-300x198.jpg\" width=\"300\" height=\"198\" srcset=\"https:\/\/bastubroderna.se\/wordpress\/wp-content\/uploads\/2013\/12\/DSC_3190-300x198.jpg 300w, https:\/\/bastubroderna.se\/wordpress\/wp-content\/uploads\/2013\/12\/DSC_3190-1024x678.jpg 1024w\" sizes=\"(max-width: 300px) 85vw, 300px\" \/><\/a><figcaption id=\"caption-attachment-605\" class=\"wp-caption-text\">Broder Karl-Evert, hedersmedlem<\/figcaption><\/figure>\n<p>Klubbens hedersmedlem \u00a0Broder Karl-Evert fyller 80 \u00e5r 25 februari 2014. Broder Karl-Evert blev hedersmedlem \u00e5r 2009, \u00e5ret d\u00e4r han fyllde 75 \u00e5r. Han \u00e4r fortfarande aktiv p\u00e5 vedbacken och deltar i klubbens aktiviteter och \u00e4r s\u00e5ledes en uppskattad f\u00f6rebild f\u00f6r alla de andra br\u00f6derna.<\/p>\n<p>Klubben kommer att uppvakta Broder Karl-Evert.<\/p>\n","protected":false},"excerpt":{"rendered":"<p>Klubbens hedersmedlem \u00a0Broder Karl-Evert fyller 80 \u00e5r 25 februari 2014. Broder Karl-Evert blev hedersmedlem \u00e5r 2009, \u00e5ret d\u00e4r han fyllde 75 \u00e5r. Han \u00e4r fortfarande aktiv p\u00e5 vedbacken och deltar i klubbens aktiviteter och \u00e4r s\u00e5ledes en uppskattad f\u00f6rebild f\u00f6r alla de andra br\u00f6derna. Klubben kommer att uppvakta Broder Karl-Evert.<\/p>\n","protected":false},"author":21,"featured_media":0,"comment_status":"open","ping_status":"closed","sticky":false,"template":"","format":"image","meta":{"footnotes":""},"categories":[36],"tags":[37,73],"_links":{"self":[{"href":"https:\/\/bastubroderna.se\/index.php?rest_route=\/wp\/v2\/posts\/1028"}],"collection":[{"href":"https:\/\/bastubroderna.se\/index.php?rest_route=\/wp\/v2\/posts"}],"about":[{"href":"https:\/\/bastubroderna.se\/index.php?rest_route=\/wp\/v2\/types\/post"}],"author":[{"embeddable":true,"href":"https:\/\/bastubroderna.se\/index.php?rest_route=\/wp\/v2\/users\/21"}],"replies":[{"embeddable":true,"href":"https:\/\/bastubroderna.se\/index.php?rest_route=%2Fwp%2Fv2%2Fcomments&post=1028"}],"version-history":[{"count":2,"href":"https:\/\/bastubroderna.se\/index.php?rest_route=\/wp\/v2\/posts\/1028\/revisions"}],"predecessor-version":[{"id":1030,"href":"https:\/\/bastubroderna.se\/index.php?rest_route=\/wp\/v2\/posts\/1028\/revisions\/1030"}],"wp:attachment":[{"href":"https:\/\/bastubroderna.se\/index.php?rest_route=%2Fwp%2Fv2%2Fmedia&parent=1028"}],"wp:term":[{"taxonomy":"category","embeddable":true,"href":"https:\/\/bastubroderna.se\/index.php?rest_route=%2Fwp%2Fv2%2Fcategories&post=1028"},{"taxonomy":"post_tag","embeddable":true,"href":"https:\/\/bastubroderna.se\/index.php?rest_route=%2Fwp%2Fv2%2Ftags&post=1028"}],"curies":[{"name":"wp","href":"https:\/\/api.w.org\/{rel}","templated":true}]}}