{"id":12,"count":4,"description":"Inl\u00e4gg om 20-\u00e5rsjubile\u00e9t av Domaruddens \"nya\" bastu fr\u00e5n \u00e5r 1993","link":"https:\/\/bastubroderna.se\/?cat=12","name":"20-\u00e5rsjubileum 2013","slug":"20-arsjubileum-2013","taxonomy":"category","parent":0,"meta":[],"_links":{"self":[{"href":"https:\/\/bastubroderna.se\/index.php?rest_route=\/wp\/v2\/categories\/12"}],"collection":[{"href":"https:\/\/bastubroderna.se\/index.php?rest_route=\/wp\/v2\/categories"}],"about":[{"href":"https:\/\/bastubroderna.se\/index.php?rest_route=\/wp\/v2\/taxonomies\/category"}],"wp:post_type":[{"href":"https:\/\/bastubroderna.se\/index.php?rest_route=%2Fwp%2Fv2%2Fposts&categories=12"}],"curies":[{"name":"wp","href":"https:\/\/api.w.org\/{rel}","templated":true}]}}